{"id":772,"date":"2010-08-18T00:00:00","date_gmt":"2010-08-18T00:00:00","guid":{"rendered":"https:\/\/instsantasylvina-cha.infd.edu.ar\/sitio\/comenzaron-los-talleres-de-nivelacion-del-nuevo-primer-ano\/"},"modified":"2010-08-18T00:00:00","modified_gmt":"2010-08-18T00:00:00","slug":"comenzaron-los-talleres-de-nivelacion-del-nuevo-primer-ano","status":"publish","type":"post","link":"https:\/\/instsantasylvina-cha.infd.edu.ar\/sitio\/comenzaron-los-talleres-de-nivelacion-del-nuevo-primer-ano\/","title":{"rendered":"COMENZARON  LOS TALLERES DE NIVELACI\u00d3N DEL NUEVO PRIMER A\u00d1O"},"content":{"rendered":"<p class=\"sitio_noticia_volanta\" >Profesorado para Educaci\u00f3n Primaria<\/p>\n<h3>COMENZARON  LOS TALLERES DE NIVELACI\u00d3N DEL NUEVO PRIMER A\u00d1O<\/h3>\n<p class=\"sitio_noticia_copete\" >\n<hr class=\"sitio_noticia_contenido\" \/>\n<p >\n<p><img decoding=\"async\" loading=\"lazy\" src=\"https:\/\/instsantasylvina-cha.infd.edu.ar\/sitio\/wp-content\/uploads\/2018\/08\/ingreso_primaria_2010_1_chica.jpg\" border=\"0\" alt=\"taller primaria1\" title=\"taller primaria1\" width=\"365\" height=\"270\"><\/p>\n<p>Ayer, martes 17 de agosto comenzaron los Talleres de Nivelaci&oacute;n para los alumnos ingresantes a primer a&ntilde;o de la carrera de Profesorado para Educaci&oacute;n Primaria.<\/p>\n<p>M&aacute;s de 90 alumnos se congregaron y recibieron en un principio la bienvenida de parte de la Rectora del Instituto, Profesora Nancy del Pilar Gonz&aacute;les, luego la explicaci&oacute;n de la reglamentaci&oacute;n y la estructura d ela carrera de parte del Director de Estudios, el Profesor Armando G&oacute;mez.<\/p>\n<p>Estos talleres continuar&aacute;n hasta el viernes 27 de agosto, y recibir&aacute;n una nivelaci&oacute;n en las &aacute;reas de matem&aacute;ticas y lengua.<\/p><\/p>\n","protected":false},"excerpt":{"rendered":"<p>Profesorado para Educaci\u00f3n Primaria COMENZARON LOS TALLERES DE NIVELACI\u00d3N DEL NUEVO PRIMER A\u00d1O Ayer, martes 17 de agosto comenzaron los Talleres de Nivelaci&oacute;n para los alumnos ingresantes a primer a&ntilde;o de la carrera de Profesorado para Educaci&oacute;n Primaria. M&aacute;s de 90 alumnos se congregaron y recibieron en un principio la bienvenida de parte de la &#8230; <a title=\"COMENZARON  LOS TALLERES DE NIVELACI\u00d3N DEL NUEVO PRIMER A\u00d1O\" class=\"read-more\" href=\"https:\/\/instsantasylvina-cha.infd.edu.ar\/sitio\/comenzaron-los-talleres-de-nivelacion-del-nuevo-primer-ano\/\" aria-label=\"More on COMENZARON  LOS TALLERES DE NIVELACI\u00d3N DEL NUEVO PRIMER A\u00d1O\">[+]<\/a><\/p>\n","protected":false},"author":366,"featured_media":0,"comment_status":"open","ping_status":"open","sticky":false,"template":"","format":"standard","meta":[],"categories":[7,6],"tags":[],"acf":[],"_links":{"self":[{"href":"https:\/\/instsantasylvina-cha.infd.edu.ar\/sitio\/wp-json\/wp\/v2\/posts\/772"}],"collection":[{"href":"https:\/\/instsantasylvina-cha.infd.edu.ar\/sitio\/wp-json\/wp\/v2\/posts"}],"about":[{"href":"https:\/\/instsantasylvina-cha.infd.edu.ar\/sitio\/wp-json\/wp\/v2\/types\/post"}],"author":[{"embeddable":true,"href":"https:\/\/instsantasylvina-cha.infd.edu.ar\/sitio\/wp-json\/wp\/v2\/users\/366"}],"replies":[{"embeddable":true,"href":"https:\/\/instsantasylvina-cha.infd.edu.ar\/sitio\/wp-json\/wp\/v2\/comments?post=772"}],"version-history":[{"count":0,"href":"https:\/\/instsantasylvina-cha.infd.edu.ar\/sitio\/wp-json\/wp\/v2\/posts\/772\/revisions"}],"wp:attachment":[{"href":"https:\/\/instsantasylvina-cha.infd.edu.ar\/sitio\/wp-json\/wp\/v2\/media?parent=772"}],"wp:term":[{"taxonomy":"category","embeddable":true,"href":"https:\/\/instsantasylvina-cha.infd.edu.ar\/sitio\/wp-json\/wp\/v2\/categories?post=772"},{"taxonomy":"post_tag","embeddable":true,"href":"https:\/\/instsantasylvina-cha.infd.edu.ar\/sitio\/wp-json\/wp\/v2\/tags?post=772"}],"curies":[{"name":"wp","href":"https:\/\/api.w.org\/{rel}","templated":true}]}}