{"id":776,"date":"2012-08-23T00:00:00","date_gmt":"2012-08-23T00:00:00","guid":{"rendered":"https:\/\/instsantasylvina-cha.infd.edu.ar\/sitio\/examenes-agosto-2012-actualizacion-ultimas-fechas\/"},"modified":"2012-08-23T00:00:00","modified_gmt":"2012-08-23T00:00:00","slug":"examenes-agosto-2012-actualizacion-ultimas-fechas","status":"publish","type":"post","link":"https:\/\/instsantasylvina-cha.infd.edu.ar\/sitio\/examenes-agosto-2012-actualizacion-ultimas-fechas\/","title":{"rendered":"EX\u00c1MENES AGOSTO 2012: ACTUALIZACI\u00d3N \u00daLTIMAS FECHAS"},"content":{"rendered":"<p class=\"sitio_noticia_volanta\" >Conformaci\u00f3n, fechas y horarios<\/p>\n<h3>EX\u00c1MENES AGOSTO 2012: ACTUALIZACI\u00d3N \u00daLTIMAS FECHAS<\/h3>\n<p class=\"sitio_noticia_copete\" >\n<hr class=\"sitio_noticia_contenido\" \/>\n<p >\n<p><strong>&nbsp;Aqu&iacute; se puede observar el cronograma de las mesas de ex&aacute;menes del turno de agosto 2012, a partir del 23\/08\/2012<\/strong><\/p>\n<p><strong>Ante otras modificaciones iremos actualizando en esta secci&oacute;n.<br \/><\/strong><\/p>\n<p><strong>Si se desea se puede descargar el archivo en versi&oacute;n .pdf, desde el enlace que figura al pie de este cuadro.<br \/><\/strong><\/p>\n<p><strong>&nbsp;<\/strong><\/p>\n<p><strong>ACTUALIZACI&Oacute;N CRONOGRAMA DE EXAMENES FINALES AGOSTO 2012<\/strong><\/p>\n<p><strong>A PARTIR DEL 23\/08\/2012<\/strong><\/p>\n<p><strong>&nbsp;<\/strong><\/p>\n<table border=\"1\" cellspacing=\"0\" cellpadding=\"0\">\n<tbody>\n<tr>\n<td rowspan=\"2\" width=\"84\" valign=\"top\">\n<p>&nbsp;&nbsp;&nbsp;&nbsp;&nbsp;&nbsp; FECHA<\/p>\n<p>HORARIO<\/p>\n<\/td>\n<td colspan=\"8\" width=\"1212\">\n<p>&nbsp;<\/p>\n<\/td>\n<td width=\"0\" height=\"16\">&nbsp;<\/td>\n<\/tr>\n<tr>\n<td width=\"132\" valign=\"top\">\n<p>1&ordm;<\/p>\n<p>PROFESORADO DE EDUCACI&Oacute;N PRIMARIA<\/p>\n<\/td>\n<td width=\"144\" valign=\"top\">\n<p>2&ordm;<\/p>\n<p>PROFESORADO DE EDUCACI&Oacute;N PRIMARIA<\/p>\n<\/td>\n<td width=\"144\" valign=\"top\">\n<p>3&ordm;<\/p>\n<p>PROFESORADO DE EDUCACI&Oacute;N PRIMARIA<\/p>\n<\/td>\n<td width=\"144\" valign=\"top\">\n<p>2&ordm;<\/p>\n<p>PROFESORADO PARA &nbsp;E.G.B. 3 Y ED. POLIMODAL EN GEOGRAFIA<\/p>\n<\/td>\n<td width=\"156\" valign=\"top\">\n<p>3&ordm;<\/p>\n<p>PROFESORADO PARA &nbsp;E.G.B. 3 Y ED. POLIMODAL EN GEOGRAFIA<\/p>\n<\/td>\n<td width=\"156\" valign=\"top\">\n<p>4&ordm;<\/p>\n<p>PROFESORADO PARA &nbsp;E.G.B. 3 Y ED. POLIMODAL EN GEOGRAFIA<\/p>\n<\/td>\n<td width=\"156\" valign=\"top\">\n<p>3&ordm;<\/p>\n<p>PROFESORADO PARA &nbsp;E.G.B. 3 Y ED. POLIMODAL EN CIENCIAS POLITICAS<\/p>\n<\/td>\n<td width=\"180\" valign=\"top\">\n<p>4&ordm;<\/p>\n<p>PROFESORADO PARA &nbsp;E.G.B. 3 Y ED. POLIMODAL EN CIENCIAS POLITICAS<\/p>\n<\/td>\n<td width=\"0\" height=\"77\">&nbsp;<\/td>\n<\/tr>\n<tr>\n<td width=\"84\" valign=\"top\">\n<p>23\/08\/2012<\/p>\n<\/td>\n<td width=\"132\" valign=\"top\">\n<p>&nbsp;<\/p>\n<\/td>\n<td width=\"144\" valign=\"top\">\n<p>&nbsp;<\/p>\n<\/td>\n<td width=\"144\" valign=\"top\">\n<p>ALFABETIZACI&Oacute;N INICIAL<\/p>\n<\/td>\n<td width=\"144\" valign=\"top\">\n<p>&nbsp;<\/p>\n<\/td>\n<td width=\"156\" valign=\"top\">\n<p>&nbsp;<\/p>\n<\/td>\n<td width=\"156\" valign=\"top\">\n<p>&nbsp;<\/p>\n<\/td>\n<td width=\"156\" valign=\"top\">\n<p>&nbsp;<\/p>\n<\/td>\n<td width=\"180\" valign=\"top\">\n<p>&nbsp;<\/p>\n<\/td>\n<td width=\"0\">\n<p>&nbsp;<\/p>\n<\/td>\n<\/tr>\n<tr>\n<td width=\"84\" valign=\"top\">\n<p>27\/08\/2012<\/p>\n<\/td>\n<td colspan=\"8\" width=\"1212\" valign=\"top\">\n<p>SE TOMAN TODAS LAS   MESAS DE EX&Aacute;MENES SUSPENDIDAS DEL D&Iacute;A 24\/07\/2012<\/p>\n<\/td>\n<td width=\"0\">\n<p>&nbsp;<\/p>\n<\/td>\n<\/tr>\n<tr>\n<td width=\"84\" valign=\"top\">\n<p>28\/08\/2012<\/p>\n<\/td>\n<td colspan=\"8\" width=\"1212\" valign=\"top\">\n<p>SE TOMAN TODAS LAS   MESAS DE EX&Aacute;MENES SUSPENDIDAS DEL D&Iacute;A 20\/08\/2012<\/p>\n<\/td>\n<td width=\"0\">\n<p>&nbsp;<\/p>\n<\/td>\n<\/tr>\n<tr>\n<td width=\"84\" valign=\"top\">\n<p>28\/08\/2012<\/p>\n<\/td>\n<td width=\"132\" valign=\"top\">\n<p>&nbsp;<\/p>\n<\/td>\n<td width=\"144\" valign=\"top\">\n<p>&nbsp;<\/p>\n<\/td>\n<td width=\"144\" valign=\"top\">\n<p>&nbsp;<\/p>\n<\/td>\n<td width=\"144\" valign=\"top\">\n<p>&nbsp;<\/p>\n<\/td>\n<td width=\"156\" valign=\"top\">\n<p>&nbsp;<\/p>\n<\/td>\n<td width=\"156\" valign=\"top\">\n<p>&nbsp;<\/p>\n<\/td>\n<td width=\"156\" valign=\"top\">\n<p>PROCESOS POL&Iacute;TICOS Y   CONSTITUCIONALES ARG. Y LAT.<\/p>\n<\/td>\n<td width=\"180\" valign=\"top\">\n<p>&nbsp;<\/p>\n<\/td>\n<td width=\"0\">\n<p>&nbsp;<\/p>\n<\/td>\n<\/tr>\n<tr>\n<td width=\"84\" valign=\"top\">\n<p>29\/08\/2012<\/p>\n<\/td>\n<td width=\"132\" valign=\"top\">\n<p>&nbsp;<\/p>\n<\/td>\n<td width=\"144\" valign=\"top\">\n<p>&nbsp;<\/p>\n<\/td>\n<td width=\"144\" valign=\"top\">\n<p>&nbsp;<\/p>\n<\/td>\n<td width=\"144\" valign=\"top\">\n<p>INVESTIGACI&Oacute;N EDUCATIVA: LA INSTITUCI&Oacute;N<\/p>\n<\/td>\n<td width=\"156\" valign=\"top\">\n<p>&nbsp;<\/p>\n<\/td>\n<td width=\"156\" valign=\"top\">\n<p>&nbsp;<\/p>\n<\/td>\n<td width=\"156\" valign=\"top\">\n<p>ENSE&Ntilde;ANZA Y   APRENDIZAJE DE LA CIENCIA POL&Iacute;TICA<\/p>\n<\/td>\n<td width=\"180\" valign=\"top\">\n<p>FINANZAS<\/p>\n<\/td>\n<td width=\"0\">\n<p>&nbsp;<\/p>\n<\/td>\n<\/tr>\n<tr>\n<td width=\"84\" valign=\"top\">\n<p>30\/08\/2012<\/p>\n<\/td>\n<td width=\"132\" valign=\"top\">\n<p>FILOSOF&Iacute;A (1&ordm; 1&ordm;)<\/p>\n<\/td>\n<td width=\"144\" valign=\"top\">\n<p>&nbsp;<\/p>\n<\/td>\n<td width=\"144\" valign=\"top\">\n<p>&nbsp;<\/p>\n<\/td>\n<td width=\"144\" valign=\"top\">\n<p>&nbsp;<\/p>\n<\/td>\n<td width=\"156\" valign=\"top\">\n<p>&nbsp;<\/p>\n<\/td>\n<td width=\"156\" valign=\"top\">\n<p>GEOGRAF&Iacute;A HUMANA<\/p>\n<\/td>\n<td width=\"156\" valign=\"top\">\n<p>TEORIA DE LA ADMINISTRACI&Oacute;N P&Uacute;BLICA<\/p>\n<\/td>\n<td width=\"180\" valign=\"top\">\n<p>&nbsp;<\/p>\n<\/td>\n<td width=\"0\">\n<p>&nbsp;<\/p>\n<\/td>\n<\/tr>\n<\/tbody>\n<\/table>\n<p>&nbsp;<\/p>\n<p><strong>Los horarios y tribunales corresponden los mismos del cronograma original, se encuentra disponible este documento tambi&eacute;n en el sitio web del Instituto.<\/strong><\/p>\n<p><strong>&nbsp;<\/strong><\/p>\n<\/p>\n<div class=\"sitio_noticia_file\">\n                            Archivo relacionado:<br \/>\n                            <a href=\"http:\/\/instsantasylvina-cha.infd.edu.ar\/sitio\/wp-content\/uploads\/sitio\/CRONOGRAMA_EXAM._agosto_2012_modificado.pdf\" title=\"descargar archivo\"><br \/>\n                            CRONOGRAMA_EXAM._agosto_2012_modificado.pdf<br \/>\n                            <\/a>\n                        <\/div>\n","protected":false},"excerpt":{"rendered":"<p>Conformaci\u00f3n, fechas y horarios EX\u00c1MENES AGOSTO 2012: ACTUALIZACI\u00d3N \u00daLTIMAS FECHAS &nbsp;Aqu&iacute; se puede observar el cronograma de las mesas de ex&aacute;menes del turno de agosto 2012, a partir del 23\/08\/2012 Ante otras modificaciones iremos actualizando en esta secci&oacute;n. Si se desea se puede descargar el archivo en versi&oacute;n .pdf, desde el enlace que figura al &#8230; <a title=\"EX\u00c1MENES AGOSTO 2012: ACTUALIZACI\u00d3N \u00daLTIMAS FECHAS\" class=\"read-more\" href=\"https:\/\/instsantasylvina-cha.infd.edu.ar\/sitio\/examenes-agosto-2012-actualizacion-ultimas-fechas\/\" aria-label=\"More on EX\u00c1MENES AGOSTO 2012: ACTUALIZACI\u00d3N \u00daLTIMAS FECHAS\">[+]<\/a><\/p>\n","protected":false},"author":366,"featured_media":0,"comment_status":"open","ping_status":"open","sticky":false,"template":"","format":"standard","meta":[],"categories":[7,6],"tags":[],"acf":[],"_links":{"self":[{"href":"https:\/\/instsantasylvina-cha.infd.edu.ar\/sitio\/wp-json\/wp\/v2\/posts\/776"}],"collection":[{"href":"https:\/\/instsantasylvina-cha.infd.edu.ar\/sitio\/wp-json\/wp\/v2\/posts"}],"about":[{"href":"https:\/\/instsantasylvina-cha.infd.edu.ar\/sitio\/wp-json\/wp\/v2\/types\/post"}],"author":[{"embeddable":true,"href":"https:\/\/instsantasylvina-cha.infd.edu.ar\/sitio\/wp-json\/wp\/v2\/users\/366"}],"replies":[{"embeddable":true,"href":"https:\/\/instsantasylvina-cha.infd.edu.ar\/sitio\/wp-json\/wp\/v2\/comments?post=776"}],"version-history":[{"count":0,"href":"https:\/\/instsantasylvina-cha.infd.edu.ar\/sitio\/wp-json\/wp\/v2\/posts\/776\/revisions"}],"wp:attachment":[{"href":"https:\/\/instsantasylvina-cha.infd.edu.ar\/sitio\/wp-json\/wp\/v2\/media?parent=776"}],"wp:term":[{"taxonomy":"category","embeddable":true,"href":"https:\/\/instsantasylvina-cha.infd.edu.ar\/sitio\/wp-json\/wp\/v2\/categories?post=776"},{"taxonomy":"post_tag","embeddable":true,"href":"https:\/\/instsantasylvina-cha.infd.edu.ar\/sitio\/wp-json\/wp\/v2\/tags?post=776"}],"curies":[{"name":"wp","href":"https:\/\/api.w.org\/{rel}","templated":true}]}}