{"id":778,"date":"2013-09-11T00:00:00","date_gmt":"2013-09-11T00:00:00","guid":{"rendered":"https:\/\/instsantasylvina-cha.infd.edu.ar\/sitio\/ahora-somos-instituto-de-educacion-superior-profesor-walter-servando-fontanarrosa\/"},"modified":"2013-09-11T00:00:00","modified_gmt":"2013-09-11T00:00:00","slug":"ahora-somos-instituto-de-educacion-superior-profesor-walter-servando-fontanarrosa","status":"publish","type":"post","link":"https:\/\/instsantasylvina-cha.infd.edu.ar\/sitio\/ahora-somos-instituto-de-educacion-superior-profesor-walter-servando-fontanarrosa\/","title":{"rendered":"AHORA SOMOS INSTITUTO DE EDUCACI\u00d3N SUPERIOR PROFESOR WALTER SERVANDO FONTANARROSA"},"content":{"rendered":"<p class=\"sitio_noticia_volanta\" >Cambio de denominaci\u00f3n<\/p>\n<h3>AHORA SOMOS INSTITUTO DE EDUCACI\u00d3N SUPERIOR PROFESOR WALTER SERVANDO FONTANARROSA<\/h3>\n<p class=\"sitio_noticia_copete\" >Este viernes 13 de septiembre se realiza el acto de imposici\u00f3n de nombre. <\/p>\n<hr class=\"sitio_noticia_contenido\" \/>\n<p >\n<p>Este viernes 13 de septiembre se realizar&aacute; el Acto de Imposici&oacute;n del Nombre a Nuestro Instituto, que ahora, formalmente, pasar&aacute; a llamarse Instituto de Educaci&oacute;n Superior \u00abProfesor Walter Servando Fontanarrosa\u00bb.<\/p>\n<p>El acto se llevar&aacute; a cabo a las 20 hs. en el Sal&oacute;n de la Cooperativa Telef&oacute;nica Santa Sylvina Limitada, y luego se realizar&aacute; una Cena Agasajo al Profesor Fotanarrosa.<\/p>\n<p>Cabe destacar que el nombre elegido,&nbsp;\u00abProfesor Walter Servando Fontanarrosa\u00bb, ha sido elegido por unanimidad por la comunidad educativa del Instituto, ya que quien se honra a tenido una trayectoria inigualable en el &aacute;mbito educativo como en el comunitario.<\/p><\/p>\n","protected":false},"excerpt":{"rendered":"<p>Cambio de denominaci\u00f3n AHORA SOMOS INSTITUTO DE EDUCACI\u00d3N SUPERIOR PROFESOR WALTER SERVANDO FONTANARROSA Este viernes 13 de septiembre se realiza el acto de imposici\u00f3n de nombre. Este viernes 13 de septiembre se realizar&aacute; el Acto de Imposici&oacute;n del Nombre a Nuestro Instituto, que ahora, formalmente, pasar&aacute; a llamarse Instituto de Educaci&oacute;n Superior \u00abProfesor Walter Servando &#8230; <a title=\"AHORA SOMOS INSTITUTO DE EDUCACI\u00d3N SUPERIOR PROFESOR WALTER SERVANDO FONTANARROSA\" class=\"read-more\" href=\"https:\/\/instsantasylvina-cha.infd.edu.ar\/sitio\/ahora-somos-instituto-de-educacion-superior-profesor-walter-servando-fontanarrosa\/\" aria-label=\"More on AHORA SOMOS INSTITUTO DE EDUCACI\u00d3N SUPERIOR PROFESOR WALTER SERVANDO FONTANARROSA\">[+]<\/a><\/p>\n","protected":false},"author":366,"featured_media":0,"comment_status":"open","ping_status":"open","sticky":false,"template":"","format":"standard","meta":[],"categories":[7,6],"tags":[],"acf":[],"_links":{"self":[{"href":"https:\/\/instsantasylvina-cha.infd.edu.ar\/sitio\/wp-json\/wp\/v2\/posts\/778"}],"collection":[{"href":"https:\/\/instsantasylvina-cha.infd.edu.ar\/sitio\/wp-json\/wp\/v2\/posts"}],"about":[{"href":"https:\/\/instsantasylvina-cha.infd.edu.ar\/sitio\/wp-json\/wp\/v2\/types\/post"}],"author":[{"embeddable":true,"href":"https:\/\/instsantasylvina-cha.infd.edu.ar\/sitio\/wp-json\/wp\/v2\/users\/366"}],"replies":[{"embeddable":true,"href":"https:\/\/instsantasylvina-cha.infd.edu.ar\/sitio\/wp-json\/wp\/v2\/comments?post=778"}],"version-history":[{"count":0,"href":"https:\/\/instsantasylvina-cha.infd.edu.ar\/sitio\/wp-json\/wp\/v2\/posts\/778\/revisions"}],"wp:attachment":[{"href":"https:\/\/instsantasylvina-cha.infd.edu.ar\/sitio\/wp-json\/wp\/v2\/media?parent=778"}],"wp:term":[{"taxonomy":"category","embeddable":true,"href":"https:\/\/instsantasylvina-cha.infd.edu.ar\/sitio\/wp-json\/wp\/v2\/categories?post=778"},{"taxonomy":"post_tag","embeddable":true,"href":"https:\/\/instsantasylvina-cha.infd.edu.ar\/sitio\/wp-json\/wp\/v2\/tags?post=778"}],"curies":[{"name":"wp","href":"https:\/\/api.w.org\/{rel}","templated":true}]}}