{"id":779,"date":"2014-07-03T00:00:00","date_gmt":"2014-07-03T00:00:00","guid":{"rendered":"https:\/\/instsantasylvina-cha.infd.edu.ar\/sitio\/apertura-de-la-especializacion-docente-en-educacion-primaria-y-tic\/"},"modified":"2014-07-03T00:00:00","modified_gmt":"2014-07-03T00:00:00","slug":"apertura-de-la-especializacion-docente-en-educacion-primaria-y-tic","status":"publish","type":"post","link":"https:\/\/instsantasylvina-cha.infd.edu.ar\/sitio\/apertura-de-la-especializacion-docente-en-educacion-primaria-y-tic\/","title":{"rendered":"Apertura de la Especializaci\u00f3n Docente en Educaci\u00f3n Primaria y TIC"},"content":{"rendered":"<p class=\"sitio_noticia_volanta\" >Nuestro Instituto ser\u00e1 sede regional<\/p>\n<h3>Apertura de la Especializaci\u00f3n Docente en Educaci\u00f3n Primaria y TIC<\/h3>\n<p class=\"sitio_noticia_copete\" >\n<hr class=\"sitio_noticia_contenido\" \/>\n<p >\n<p>El Ministerio de Educaci&oacute;n de la Naci&oacute;n y la Direcci&oacute;n de Educaci&oacute;n Superior de la Provincia del Chaco, a trav&eacute;s del Instituto de Educaci&oacute;n Superior &ldquo;Profesor Walter Servando Fontanarrosa&rdquo;abre las nuevas ofertas de formaci&oacute;n de post&iacute;tulo:<\/p>\n<p><strong>ESPECIALIZACI&Oacute;N DOCENTE DE NIVEL SUPERIOR EN EDUCACI&Oacute;N PRIMARIA Y TIC<\/strong>, destinada a ersonas que posean t&iacute;tulo de Profesor\/as de Educaci&oacute;n Primaria o t&iacute;tulos equivalentes correspondientes a planes de estudios anteriores<\/p>\n<div>\n<p><strong>ESPECIALIZACI&Oacute;N DOCENTE DE NIVEL SUPERIOR EN EDUCACI&Oacute;N PRIMARIA Y TIC PARA DOCENTES FORMADORES DEL NIVEL<\/strong>, destinada a personas que posean t&iacute;tulo de Profesor\/as y que se encuentren en ejercicio en la formaci&oacute;n de docentes para el Nivel Primario del sistema educativo argentino.<\/p>\n<p><strong>Modalidad de cursado:<\/strong> semi-presencial&nbsp; (<em>instancias virtuales e instancias presenciales)<\/em><\/p>\n<p><strong>T&iacute;tulo con carga horaria de 400 horas reloj<\/strong><\/p>\n<p>Para informarse acceda a &nbsp;<a href=\"http:\/\/postituloprimariatic.educ.ar\/\">http:\/\/postituloprimariatic.educ.ar\/<\/a>, y dentro del sitio, complete el <strong><a href=\"http:\/\/accesopostituloprimariatic.educ.ar\/postitulo_primaria\/InscripcionCarrera\/\">Formulario de Pre-inscripci&oacute;n<\/a><\/strong><strong>, <\/strong><strong>antes del 6 de julio de 2014.<\/strong><\/p>\n<p><strong><span>CONSULTAS, EN INSTITUTO SEDE I.E.S. &ldquo;PROFESOR WALTER SERVANDO FONTANARROSA&rdquo;<\/span><\/strong><\/p>\n<p><strong><span>&nbsp;<\/span><\/strong>Acceso Este Ruta 95 S\/N. Barrio Belgrano (3542) Santa Sylvina &ndash; Chaco.<\/p>\n<p><span>TEL. 03735-492660 (de 18.30 a 22.00 hs.)<\/span><\/p>\n<p><span>Web: instsantasylvina.cha.infd.edu.ar. E-mail: institutoterciariosantasylvina@gmail.com<\/span><\/p>\n<\/div><\/p>\n","protected":false},"excerpt":{"rendered":"<p>Nuestro Instituto ser\u00e1 sede regional Apertura de la Especializaci\u00f3n Docente en Educaci\u00f3n Primaria y TIC El Ministerio de Educaci&oacute;n de la Naci&oacute;n y la Direcci&oacute;n de Educaci&oacute;n Superior de la Provincia del Chaco, a trav&eacute;s del Instituto de Educaci&oacute;n Superior &ldquo;Profesor Walter Servando Fontanarrosa&rdquo;abre las nuevas ofertas de formaci&oacute;n de post&iacute;tulo: ESPECIALIZACI&Oacute;N DOCENTE DE NIVEL &#8230; <a title=\"Apertura de la Especializaci\u00f3n Docente en Educaci\u00f3n Primaria y TIC\" class=\"read-more\" href=\"https:\/\/instsantasylvina-cha.infd.edu.ar\/sitio\/apertura-de-la-especializacion-docente-en-educacion-primaria-y-tic\/\" aria-label=\"More on Apertura de la Especializaci\u00f3n Docente en Educaci\u00f3n Primaria y TIC\">[+]<\/a><\/p>\n","protected":false},"author":366,"featured_media":0,"comment_status":"open","ping_status":"open","sticky":false,"template":"","format":"standard","meta":[],"categories":[7,6],"tags":[],"acf":[],"_links":{"self":[{"href":"https:\/\/instsantasylvina-cha.infd.edu.ar\/sitio\/wp-json\/wp\/v2\/posts\/779"}],"collection":[{"href":"https:\/\/instsantasylvina-cha.infd.edu.ar\/sitio\/wp-json\/wp\/v2\/posts"}],"about":[{"href":"https:\/\/instsantasylvina-cha.infd.edu.ar\/sitio\/wp-json\/wp\/v2\/types\/post"}],"author":[{"embeddable":true,"href":"https:\/\/instsantasylvina-cha.infd.edu.ar\/sitio\/wp-json\/wp\/v2\/users\/366"}],"replies":[{"embeddable":true,"href":"https:\/\/instsantasylvina-cha.infd.edu.ar\/sitio\/wp-json\/wp\/v2\/comments?post=779"}],"version-history":[{"count":0,"href":"https:\/\/instsantasylvina-cha.infd.edu.ar\/sitio\/wp-json\/wp\/v2\/posts\/779\/revisions"}],"wp:attachment":[{"href":"https:\/\/instsantasylvina-cha.infd.edu.ar\/sitio\/wp-json\/wp\/v2\/media?parent=779"}],"wp:term":[{"taxonomy":"category","embeddable":true,"href":"https:\/\/instsantasylvina-cha.infd.edu.ar\/sitio\/wp-json\/wp\/v2\/categories?post=779"},{"taxonomy":"post_tag","embeddable":true,"href":"https:\/\/instsantasylvina-cha.infd.edu.ar\/sitio\/wp-json\/wp\/v2\/tags?post=779"}],"curies":[{"name":"wp","href":"https:\/\/api.w.org\/{rel}","templated":true}]}}