{"id":780,"date":"2014-07-15T00:00:00","date_gmt":"2014-07-15T00:00:00","guid":{"rendered":"https:\/\/instsantasylvina-cha.infd.edu.ar\/sitio\/oportunidad-para-completar-la-pre-inscripcion-a-la-especializacion-de-educacion-primaria-y-tic\/"},"modified":"2014-07-15T00:00:00","modified_gmt":"2014-07-15T00:00:00","slug":"oportunidad-para-completar-la-pre-inscripcion-a-la-especializacion-de-educacion-primaria-y-tic","status":"publish","type":"post","link":"https:\/\/instsantasylvina-cha.infd.edu.ar\/sitio\/oportunidad-para-completar-la-pre-inscripcion-a-la-especializacion-de-educacion-primaria-y-tic\/","title":{"rendered":"Oportunidad para completar la pre-inscripci\u00f3n a la Especializaci\u00f3n de Educaci\u00f3n Primaria y TIC"},"content":{"rendered":"<p class=\"sitio_noticia_volanta\" >Especializaci\u00f3n en Educaci\u00f3n Primaria y TIC<\/p>\n<h3>Oportunidad para completar la pre-inscripci\u00f3n a la Especializaci\u00f3n de Educaci\u00f3n Primaria y TIC <\/h3>\n<p class=\"sitio_noticia_copete\" >\n<hr class=\"sitio_noticia_contenido\" \/>\n<p >\n<p><img decoding=\"async\" title=\"captura esp tic primaria\" src=\"https:\/\/instsantasylvina-cha.infd.edu.ar\/sitio\/wp-content\/uploads\/2018\/08\/postitulo_primaria_tic_capt.bmp\" border=\"0\" alt=\"captura esp tic primaria\"><\/p>\n<p>&nbsp;Todas las personas que no hayan finalizado su pre-inscripci&oacute;n a la Especializaci&oacute;n Docente en Educaci&oacute;n Primaria y TIC antes del cierre del d&iacute;a 6\/7, o sea quienes hayan hecho solo la primera parte (completar el formulario de pre-inscripci&oacute;n) y no hicieron el segundo paso (confirmar desde su direcci&oacute;n de e-mail) pueden comunicarse al 0800-222-1798 de lunes a viernes 9 a 19 hs. para recibir instrucciones y poder finalizarla.<\/p>\n<p>Para quienes hayan completado, informamos que el m&oacute;dulo introductorio inicia el lunes 4 de agosto.<\/p>\n<p>&nbsp;<\/p><\/p>\n","protected":false},"excerpt":{"rendered":"<p>Especializaci\u00f3n en Educaci\u00f3n Primaria y TIC Oportunidad para completar la pre-inscripci\u00f3n a la Especializaci\u00f3n de Educaci\u00f3n Primaria y TIC &nbsp;Todas las personas que no hayan finalizado su pre-inscripci&oacute;n a la Especializaci&oacute;n Docente en Educaci&oacute;n Primaria y TIC antes del cierre del d&iacute;a 6\/7, o sea quienes hayan hecho solo la primera parte (completar el formulario &#8230; <a title=\"Oportunidad para completar la pre-inscripci\u00f3n a la Especializaci\u00f3n de Educaci\u00f3n Primaria y TIC\" class=\"read-more\" href=\"https:\/\/instsantasylvina-cha.infd.edu.ar\/sitio\/oportunidad-para-completar-la-pre-inscripcion-a-la-especializacion-de-educacion-primaria-y-tic\/\" aria-label=\"More on Oportunidad para completar la pre-inscripci\u00f3n a la Especializaci\u00f3n de Educaci\u00f3n Primaria y TIC\">[+]<\/a><\/p>\n","protected":false},"author":366,"featured_media":0,"comment_status":"open","ping_status":"open","sticky":false,"template":"","format":"standard","meta":[],"categories":[7,6],"tags":[],"acf":[],"_links":{"self":[{"href":"https:\/\/instsantasylvina-cha.infd.edu.ar\/sitio\/wp-json\/wp\/v2\/posts\/780"}],"collection":[{"href":"https:\/\/instsantasylvina-cha.infd.edu.ar\/sitio\/wp-json\/wp\/v2\/posts"}],"about":[{"href":"https:\/\/instsantasylvina-cha.infd.edu.ar\/sitio\/wp-json\/wp\/v2\/types\/post"}],"author":[{"embeddable":true,"href":"https:\/\/instsantasylvina-cha.infd.edu.ar\/sitio\/wp-json\/wp\/v2\/users\/366"}],"replies":[{"embeddable":true,"href":"https:\/\/instsantasylvina-cha.infd.edu.ar\/sitio\/wp-json\/wp\/v2\/comments?post=780"}],"version-history":[{"count":0,"href":"https:\/\/instsantasylvina-cha.infd.edu.ar\/sitio\/wp-json\/wp\/v2\/posts\/780\/revisions"}],"wp:attachment":[{"href":"https:\/\/instsantasylvina-cha.infd.edu.ar\/sitio\/wp-json\/wp\/v2\/media?parent=780"}],"wp:term":[{"taxonomy":"category","embeddable":true,"href":"https:\/\/instsantasylvina-cha.infd.edu.ar\/sitio\/wp-json\/wp\/v2\/categories?post=780"},{"taxonomy":"post_tag","embeddable":true,"href":"https:\/\/instsantasylvina-cha.infd.edu.ar\/sitio\/wp-json\/wp\/v2\/tags?post=780"}],"curies":[{"name":"wp","href":"https:\/\/api.w.org\/{rel}","templated":true}]}}