{"id":784,"date":"2014-12-02T00:00:00","date_gmt":"2014-12-02T00:00:00","guid":{"rendered":"https:\/\/instsantasylvina-cha.infd.edu.ar\/sitio\/se-abre-la-inscripcion-a-la-segunda-cohorte-de-la-especializacion-docente-en-educacion-primaria-y-tic\/"},"modified":"2014-12-02T00:00:00","modified_gmt":"2014-12-02T00:00:00","slug":"se-abre-la-inscripcion-a-la-segunda-cohorte-de-la-especializacion-docente-en-educacion-primaria-y-tic","status":"publish","type":"post","link":"https:\/\/instsantasylvina-cha.infd.edu.ar\/sitio\/se-abre-la-inscripcion-a-la-segunda-cohorte-de-la-especializacion-docente-en-educacion-primaria-y-tic\/","title":{"rendered":"Se abre la inscripci\u00f3n a la segunda cohorte de la Especializaci\u00f3n Docente en Educaci\u00f3n Primaria y TIC"},"content":{"rendered":"<p class=\"sitio_noticia_volanta\" >Inscripci\u00f3n entre el 2 al 20 de febrero de 2015<\/p>\n<h3>Se abre la inscripci\u00f3n a la segunda cohorte de la Especializaci\u00f3n Docente en Educaci\u00f3n Primaria y TIC<\/h3>\n<p class=\"sitio_noticia_copete\" >\n<hr class=\"sitio_noticia_contenido\" \/>\n<p >\n<p><img decoding=\"async\" title=\"captura esp tic primaria\" src=\"https:\/\/instsantasylvina-cha.infd.edu.ar\/sitio\/wp-content\/uploads\/2018\/08\/postitulo_primaria_tic_capt_4.bmp\" border=\"0\" alt=\"captura esp tic primaria\"><\/p>\n<p>El Ministerio de Educaci&oacute;n de la Naci&oacute;n y la Direcci&oacute;n de Educaci&oacute;n Superior de la Provincia del Chaco, a trav&eacute;s del Instituto de Educaci&oacute;n Superior &ldquo;Profesor Walter Servando Fontanarrosa&rdquo; (como Sede Regional) abre la segunda cohorte de las ofertas de formaci&oacute;n de post&iacute;tulo:<\/p>\n<p><strong>ESPECIALIZACI&Oacute;N DOCENTE DE NIVEL SUPERIOR EN EDUCACI&Oacute;N PRIMARIA Y TIC<\/strong>, destinada a personas que posean t&iacute;tulo de Profesor\/as de Educaci&oacute;n Primaria o t&iacute;tulos equivalentes correspondientes a planes de estudios anteriores<\/p>\n<p><strong>ESPECIALIZACI&Oacute;N DOCENTE DE NIVEL SUPERIOR EN EDUCACI&Oacute;N PRIMARIA Y TIC PARA DOCENTES FORMADORES DEL NIVEL<\/strong>, destinada a personas que posean t&iacute;tulo de Profesor\/as y que se encuentren en ejercicio en la formaci&oacute;n de docentes para el Nivel Primario del sistema educativo argentino.<\/p>\n<p><strong>Modalidad de cursado:<\/strong>&nbsp;semi-presencial&nbsp; (<em>instancias virtuales e instancias presenciales)<\/em><\/p>\n<p><strong>T&iacute;tulo con carga horaria de 400 horas reloj<\/strong><\/p>\n<p>Para informarse e inscribirse acceda a &nbsp;<a href=\"http:\/\/postituloprimariatic.educ.ar\/\">http:\/\/postituloprimariatic.educ.ar\/<\/a>, y dentro del sitio, complete el&nbsp;<strong><a href=\"http:\/\/accesopostituloprimariatic.educ.ar\/postitulo_primaria\/InscripcionCarrera\/\">Formulario de Pre-inscripci&oacute;n<\/a>,<\/strong><strong>&nbsp;<\/strong><strong>entre el 2 y el 20 de febrero de 2015.<\/strong><\/p>\n<p><strong>CONSULTAS, EN INSTITUTO SEDE I.E.S. &ldquo;PROFESOR WALTER SERVANDO FONTANARROSA&rdquo;<\/strong><\/p>\n<p><strong>&nbsp;<\/strong>Acceso Este Ruta 95 S\/N. Barrio Belgrano (3542) Santa Sylvina &ndash; Chaco.<\/p>\n<p>TEL. 03735-492660<\/p>\n<p>En los siguientes d&iacute;as y horarios:<\/p>\n<p><strong>Lunes:<\/strong> 13 a 17 hs<\/p>\n<p><strong>Martes:<\/strong> 7,30 a 11,30 hs<\/p>\n<p><strong>Mi&eacute;rcoles:<\/strong> 7,30 a 11,30 hs<\/p>\n<p><strong>Jueves:<\/strong> 13 a 17 hs<\/p>\n<p>Web: instsantasylvina.cha.infd.edu.ar. E-mail: institutoterciariosantasylvina@gmail.com<\/p><\/p>\n","protected":false},"excerpt":{"rendered":"<p>Inscripci\u00f3n entre el 2 al 20 de febrero de 2015 Se abre la inscripci\u00f3n a la segunda cohorte de la Especializaci\u00f3n Docente en Educaci\u00f3n Primaria y TIC El Ministerio de Educaci&oacute;n de la Naci&oacute;n y la Direcci&oacute;n de Educaci&oacute;n Superior de la Provincia del Chaco, a trav&eacute;s del Instituto de Educaci&oacute;n Superior &ldquo;Profesor Walter Servando &#8230; <a title=\"Se abre la inscripci\u00f3n a la segunda cohorte de la Especializaci\u00f3n Docente en Educaci\u00f3n Primaria y TIC\" class=\"read-more\" href=\"https:\/\/instsantasylvina-cha.infd.edu.ar\/sitio\/se-abre-la-inscripcion-a-la-segunda-cohorte-de-la-especializacion-docente-en-educacion-primaria-y-tic\/\" aria-label=\"More on Se abre la inscripci\u00f3n a la segunda cohorte de la Especializaci\u00f3n Docente en Educaci\u00f3n Primaria y TIC\">[+]<\/a><\/p>\n","protected":false},"author":366,"featured_media":0,"comment_status":"open","ping_status":"open","sticky":false,"template":"","format":"standard","meta":[],"categories":[7,6],"tags":[],"acf":[],"_links":{"self":[{"href":"https:\/\/instsantasylvina-cha.infd.edu.ar\/sitio\/wp-json\/wp\/v2\/posts\/784"}],"collection":[{"href":"https:\/\/instsantasylvina-cha.infd.edu.ar\/sitio\/wp-json\/wp\/v2\/posts"}],"about":[{"href":"https:\/\/instsantasylvina-cha.infd.edu.ar\/sitio\/wp-json\/wp\/v2\/types\/post"}],"author":[{"embeddable":true,"href":"https:\/\/instsantasylvina-cha.infd.edu.ar\/sitio\/wp-json\/wp\/v2\/users\/366"}],"replies":[{"embeddable":true,"href":"https:\/\/instsantasylvina-cha.infd.edu.ar\/sitio\/wp-json\/wp\/v2\/comments?post=784"}],"version-history":[{"count":0,"href":"https:\/\/instsantasylvina-cha.infd.edu.ar\/sitio\/wp-json\/wp\/v2\/posts\/784\/revisions"}],"wp:attachment":[{"href":"https:\/\/instsantasylvina-cha.infd.edu.ar\/sitio\/wp-json\/wp\/v2\/media?parent=784"}],"wp:term":[{"taxonomy":"category","embeddable":true,"href":"https:\/\/instsantasylvina-cha.infd.edu.ar\/sitio\/wp-json\/wp\/v2\/categories?post=784"},{"taxonomy":"post_tag","embeddable":true,"href":"https:\/\/instsantasylvina-cha.infd.edu.ar\/sitio\/wp-json\/wp\/v2\/tags?post=784"}],"curies":[{"name":"wp","href":"https:\/\/api.w.org\/{rel}","templated":true}]}}