{"id":787,"date":"2015-02-20T00:00:00","date_gmt":"2015-02-20T00:00:00","guid":{"rendered":"https:\/\/instsantasylvina-cha.infd.edu.ar\/sitio\/se-prorroga-la-pre-inscripcion-a-la-especializacion\/"},"modified":"2015-02-20T00:00:00","modified_gmt":"2015-02-20T00:00:00","slug":"se-prorroga-la-pre-inscripcion-a-la-especializacion","status":"publish","type":"post","link":"https:\/\/instsantasylvina-cha.infd.edu.ar\/sitio\/se-prorroga-la-pre-inscripcion-a-la-especializacion\/","title":{"rendered":"SE PRORROGA LA PRE-INSCRIPCI\u00d3N A LA ESPECIALIZACI\u00d3N"},"content":{"rendered":"<p class=\"sitio_noticia_volanta\" >Hasta el 27 de febrero<\/p>\n<h3>SE PRORROGA LA PRE-INSCRIPCI\u00d3N A LA ESPECIALIZACI\u00d3N<\/h3>\n<p class=\"sitio_noticia_copete\" >Una semana m\u00e1s para pre-inscribirse en la especializaci\u00f3n de Nivel Superior en Educaci\u00f3n Primaria y TIC<\/p>\n<hr class=\"sitio_noticia_contenido\" \/>\n<p >\n<p><span style=\"font-size: 12pt;\"><img decoding=\"async\" title=\"\" src=\"https:\/\/instsantasylvina-cha.infd.edu.ar\/sitio\/wp-content\/uploads\/2018\/08\/primaria_y_tic_encab.jpg\" border=\"0\" alt=\"\"><\/span><\/p>\n<p><span style=\"font-size: 12pt;\">Si bien estaba prevista que finalizara hoy 20\/2 la pre-inscripci&oacute;n para la&nbsp;<em>Especializaci&oacute;n docente de nivel superior en Educaci&oacute;n primaria y TIC&nbsp;<\/em>&nbsp;y la&nbsp;<em>Especializaci&oacute;n docente de nivel superior en educaci&oacute;n primaria y TIC para formadores de nivel, <\/em><strong>comunicamos&nbsp;esta gran noticia: se prorroga hasta el 27\/2.<\/strong><\/span><\/p>\n<p><span style=\"font-size: 12pt;\">Recuerden consultar previamente los&nbsp;<a title=\"Requisitos\" href=\"http:\/\/postituloprimariatic.educ.ar\/requisitos-e-inscripcion\/\" target=\"_blank\">Requisitos<\/a>&nbsp; y los destinatarios de &nbsp;las Especializaciones antes de realizar la pre-inscripci&oacute;n.<\/span><\/p>\n<p><span style=\"font-size: 12pt;\">Aqu&iacute; esta el enlace al&nbsp;<strong><a title=\"Inscripci&oacute;n Cohorte Febrero 2015\" href=\"http:\/\/accesopostituloprimariatic.educ.ar\/postitulo_primaria\/InscripcionCarrera\/\" target=\"_blank\">Formulario de Pre-inscripci&oacute;n Febrero 2015<\/a><\/strong><\/span><\/p>\n<p><span style=\"font-size: 12pt;\">(La inscripci&oacute;n definitiva finaliza un vez aprobado el M&oacute;dulo introductorio y entregada la documentaci&oacute;n correspondiente)<\/span><\/p>\n<p><span style=\"font-size: 12pt;\">Recordamos que Nuestro Instituto es una de las sedes regionales para los docentes de la provincia del Chaco y zonas vecinas de otras provincias.<\/span><\/p>\n<p><span style=\"font-size: 12pt;\">Ante cualquier duda, consultar al e-mail institutoterciariosantasylvina@gmail.com<\/span><\/p><\/p>\n","protected":false},"excerpt":{"rendered":"<p>Hasta el 27 de febrero SE PRORROGA LA PRE-INSCRIPCI\u00d3N A LA ESPECIALIZACI\u00d3N Una semana m\u00e1s para pre-inscribirse en la especializaci\u00f3n de Nivel Superior en Educaci\u00f3n Primaria y TIC Si bien estaba prevista que finalizara hoy 20\/2 la pre-inscripci&oacute;n para la&nbsp;Especializaci&oacute;n docente de nivel superior en Educaci&oacute;n primaria y TIC&nbsp;&nbsp;y la&nbsp;Especializaci&oacute;n docente de nivel superior en &#8230; <a title=\"SE PRORROGA LA PRE-INSCRIPCI\u00d3N A LA ESPECIALIZACI\u00d3N\" class=\"read-more\" href=\"https:\/\/instsantasylvina-cha.infd.edu.ar\/sitio\/se-prorroga-la-pre-inscripcion-a-la-especializacion\/\" aria-label=\"More on SE PRORROGA LA PRE-INSCRIPCI\u00d3N A LA ESPECIALIZACI\u00d3N\">[+]<\/a><\/p>\n","protected":false},"author":366,"featured_media":0,"comment_status":"open","ping_status":"open","sticky":false,"template":"","format":"standard","meta":[],"categories":[7,6],"tags":[],"acf":[],"_links":{"self":[{"href":"https:\/\/instsantasylvina-cha.infd.edu.ar\/sitio\/wp-json\/wp\/v2\/posts\/787"}],"collection":[{"href":"https:\/\/instsantasylvina-cha.infd.edu.ar\/sitio\/wp-json\/wp\/v2\/posts"}],"about":[{"href":"https:\/\/instsantasylvina-cha.infd.edu.ar\/sitio\/wp-json\/wp\/v2\/types\/post"}],"author":[{"embeddable":true,"href":"https:\/\/instsantasylvina-cha.infd.edu.ar\/sitio\/wp-json\/wp\/v2\/users\/366"}],"replies":[{"embeddable":true,"href":"https:\/\/instsantasylvina-cha.infd.edu.ar\/sitio\/wp-json\/wp\/v2\/comments?post=787"}],"version-history":[{"count":0,"href":"https:\/\/instsantasylvina-cha.infd.edu.ar\/sitio\/wp-json\/wp\/v2\/posts\/787\/revisions"}],"wp:attachment":[{"href":"https:\/\/instsantasylvina-cha.infd.edu.ar\/sitio\/wp-json\/wp\/v2\/media?parent=787"}],"wp:term":[{"taxonomy":"category","embeddable":true,"href":"https:\/\/instsantasylvina-cha.infd.edu.ar\/sitio\/wp-json\/wp\/v2\/categories?post=787"},{"taxonomy":"post_tag","embeddable":true,"href":"https:\/\/instsantasylvina-cha.infd.edu.ar\/sitio\/wp-json\/wp\/v2\/tags?post=787"}],"curies":[{"name":"wp","href":"https:\/\/api.w.org\/{rel}","templated":true}]}}